{"id":173,"date":"2023-08-31T15:39:02","date_gmt":"2023-08-31T13:39:02","guid":{"rendered":"https:\/\/dyrektorzy.oeiizk.waw.pl\/2023\/?p=173"},"modified":"2023-12-01T09:31:43","modified_gmt":"2023-12-01T08:31:43","slug":"rejestracja-zamknieta","status":"publish","type":"post","link":"https:\/\/dyrektorzy.oeiizk.waw.pl\/2023\/2023\/08\/31\/rejestracja-zamknieta\/","title":{"rendered":"Rejestracja na konferencj\u0119 w M\u0142awie (15.12.2023)"},"content":{"rendered":"\n<p>Zapraszamy na edycj\u0119 konferencji, kt\u00f3ra odb\u0119dzie si\u0119 15 grudnia 2023 r.\u00a0w<strong>\u00a0<\/strong>Akademickim Centrum\u00a0Kszta\u0142cenia\u00a0przy\u00a0Pa\u0144stwowej\u00a0Uczelni Zawodowej przy ul. Warszawskiej 52 w\u00a0M\u0142awie,\u00a0w godzinach 11:00\u201314:30.<\/p>\n\n\n\n<p><a href=\"https:\/\/forms.office.com\/e\/ZcqwwbqMrr\">W celu rejestracji przejd\u017a do Formularza (link) <\/a> <\/p>\n\n\n\n<!--more-->\n\n\n\n<blockquote class=\"wp-block-quote is-layout-flow wp-block-quote-is-layout-flow\">\n<p><strong>UWAGA <\/strong><br>Rejestracje na edycje: warszawsk\u0105 oraz bia\u0142obrzesk\u0105 zasta\u0142y zako\u0144czona z powodu osi\u0105gni\u0119cia limitu dost\u0119pnych miejsc.\u00a0<\/p>\n<\/blockquote>\n\n\n\n<p><\/p>\n","protected":false},"excerpt":{"rendered":"<p>Zapraszamy na edycj\u0119 konferencji, kt\u00f3ra odb\u0119dzie si\u0119 15 grudnia 2023 r.\u00a0w\u00a0Akademickim Centrum\u00a0Kszta\u0142cenia\u00a0przy\u00a0Pa\u0144stwowej\u00a0Uczelni Zawodowej przy ul. Warszawskiej 52 w\u00a0M\u0142awie,\u00a0w godzinach 11:00\u201314:30. W celu rejestracji przejd\u017a do Formularza (link)<\/p>\n","protected":false},"author":1,"featured_media":0,"comment_status":"open","ping_status":"open","sticky":false,"template":"","format":"standard","meta":{"footnotes":""},"categories":[3],"tags":[],"class_list":["post-173","post","type-post","status-publish","format-standard","hentry","category-aktualnosci"],"_links":{"self":[{"href":"https:\/\/dyrektorzy.oeiizk.waw.pl\/2023\/wp-json\/wp\/v2\/posts\/173","targetHints":{"allow":["GET"]}}],"collection":[{"href":"https:\/\/dyrektorzy.oeiizk.waw.pl\/2023\/wp-json\/wp\/v2\/posts"}],"about":[{"href":"https:\/\/dyrektorzy.oeiizk.waw.pl\/2023\/wp-json\/wp\/v2\/types\/post"}],"author":[{"embeddable":true,"href":"https:\/\/dyrektorzy.oeiizk.waw.pl\/2023\/wp-json\/wp\/v2\/users\/1"}],"replies":[{"embeddable":true,"href":"https:\/\/dyrektorzy.oeiizk.waw.pl\/2023\/wp-json\/wp\/v2\/comments?post=173"}],"version-history":[{"count":8,"href":"https:\/\/dyrektorzy.oeiizk.waw.pl\/2023\/wp-json\/wp\/v2\/posts\/173\/revisions"}],"predecessor-version":[{"id":267,"href":"https:\/\/dyrektorzy.oeiizk.waw.pl\/2023\/wp-json\/wp\/v2\/posts\/173\/revisions\/267"}],"wp:attachment":[{"href":"https:\/\/dyrektorzy.oeiizk.waw.pl\/2023\/wp-json\/wp\/v2\/media?parent=173"}],"wp:term":[{"taxonomy":"category","embeddable":true,"href":"https:\/\/dyrektorzy.oeiizk.waw.pl\/2023\/wp-json\/wp\/v2\/categories?post=173"},{"taxonomy":"post_tag","embeddable":true,"href":"https:\/\/dyrektorzy.oeiizk.waw.pl\/2023\/wp-json\/wp\/v2\/tags?post=173"}],"curies":[{"name":"wp","href":"https:\/\/api.w.org\/{rel}","templated":true}]}}